{"id":87911,"date":"2021-02-22T17:43:48","date_gmt":"2021-02-22T16:43:48","guid":{"rendered":"https:\/\/www.landsberg-kaufering-erinnern.de\/list-of-sources\/"},"modified":"2021-04-26T14:06:45","modified_gmt":"2021-04-26T12:06:45","slug":"list-of-sources","status":"publish","type":"post","link":"https:\/\/www.landsberg-kaufering-erinnern.de\/en\/list-of-sources\/","title":{"rendered":"List of sources"},"content":{"rendered":"<p>[vc_row][vc_column width=&#8221;1\/1&#8243;][vc_custom_heading]<strong>List of sources<\/strong>[\/vc_custom_heading][vc_empty_space empty_h=&#8221;2&#8243;][vc_column_text]<strong>Publications:<\/strong>[\/vc_column_text][vc_empty_space empty_h=&#8221;2&#8243;][vc_column_text el_id=&#8221;quellezevbirgerkeinezeitfuergeduld&#8221;]Birger, Zev, Keine Zeit f\u00fcr Geduld. Mein Weg von Kaunas nach Jerusalem, Luchterhand Literaturverlag, M\u00fcnchen 1997.[\/vc_column_text][vc_empty_space empty_h=&#8221;2&#8243;][vc_column_text el_id=&#8221;quellejakobbreslerdusollstnichtmehrjakobheissen&#8221;]Bresler, Jakob, Du sollst nicht mehr Jakob heissen, Orac, Wien 1988.[\/vc_column_text][vc_empty_space empty_h=&#8221;2&#8243;][vc_column_text el_id=&#8221;quelleisraelcohendestinedtosurvive&#8221;]Cohen, Israel I., Destined to survive: Uplifting stories from the worst of times, ArtScroll Mesorah Publications, 2001.[\/vc_column_text][vc_empty_space empty_h=&#8221;2&#8243;][vc_column_text el_id=&#8221;quellekurtdeutsch&#8221;]Deutsch, Dr. Kurt, Prag, in einem Interview am 30.09.1987 zitiert nach: Edith Raim, \u201eUnternehmen Ringeltaube\u201c. Dachaus Au\u00dfenlagerkomplex Kaufering. In: Dachauer Hefte 5. Die vergessenen Lager, Deutscher Taschenbuch Verlag, M\u00fcnchen 1989.[\/vc_column_text][vc_empty_space empty_h=&#8221;2&#8243;][vc_column_text]Ein Ort wie jeder andere. Bilder aus einer deutschen Kleinstadt. Landsberg 1923-1958, hrsg. v. Martin Paulus\/ Edith Raim\/ Gerhard Zelger. Reinbek bei Hamburg 1995.[\/vc_column_text][vc_empty_space empty_h=&#8221;2&#8243;][vc_column_text]Epple, Alois, KZ T\u00fcrkheim. Das Dachauer Au\u00dfenlager Kaufering VI, Lorbeer Verlag, Bielefeld 2009.[\/vc_column_text][vc_empty_space empty_h=&#8221;2&#8243;][vc_column_text]Ervin-Deutsch, Ladislaus: Nachtschicht im Arbeitslager III in Kaufering. Erinnerungen. In: Dachauer Hefte 2 (1986), S. 79 &#8211; 122.[\/vc_column_text][vc_empty_space empty_h=&#8221;2&#8243;][vc_column_text]Fenner, Barbara: Es konnte u\u0308berall geschehen. Landsbergs schwierige Zeitgeschichte. Hofstetten 1995.[\/vc_column_text][vc_empty_space empty_h=&#8221;2&#8243;][vc_column_text]Fenner, Barbara: \u201eWir machen ein KZ sichtbar\u201c. Katalog zur Schu\u0308lerausstellung u\u0308ber das Lager XI des gro\u00dfen Au\u00dfenkommandos des ehemaligen Konzentrationslagers Dachau im Bunker der Welfenkaserne Landsberg. Hofstetten 2000.[\/vc_column_text][vc_empty_space empty_h=&#8221;2&#8243;][vc_column_text el_id=&#8221;quelleviktorefrankltrotzdemjazumlebensagen&#8221;]Frankl, Viktor E.,\u00a0\u2026 trotzdem ja zum Leben sagen. Ein Psychologe erlebt das Konzentrationslager, Penguin Verlag, M\u00fcnchen 2018.[\/vc_column_text][vc_empty_space empty_h=&#8221;2&#8243;][vc_column_text el_id=&#8221;quellesollyganordasandereleben&#8221;]Ganor, Solly, Das andere Leben. Kindheit im Holocaust, FISCHER Taschenbuch, Frankfurt am Main 1997.[\/vc_column_text][vc_empty_space empty_h=&#8221;2&#8243;][vc_column_text el_id=&#8221;quellesollyganortodesmarsch&#8221;]Ganor, Solly, Der Todesmarsch in: Dachauer Hefte 11, Orte der Erinnerung 1945 bis 1995, Verlag Dachauer Hefte, Dachau 1995.[\/vc_column_text][vc_empty_space empty_h=&#8221;2&#8243;][vc_column_text]Ganor, Solly, Das andere Leben. Kindheit im Holocaust. Frankfurt am Main 2005.[\/vc_column_text][vc_empty_space empty_h=&#8221;2&#8243;][vc_column_text el_id=&#8221;quelledmitrijusgelpernas&#8221;]Gelpernas, Dmitrijus, Landsberg &#8211; Kaufering &#8211; Augsburg: Sta\u0308dte wie alle anderen? Bericht eines aus Litauen Deportierten in: Dachauer Hefte 12, Konzentrationslager Lebenswelt und Umfeld, Verlag Dachauer Hefte, Dachau 1996.[\/vc_column_text][vc_empty_space empty_h=&#8221;2&#8243;][vc_column_text]Katz, Zwi, Todesmarsch von Kaufering ins Ungewisse. In: Dachauer Hefte 18 (2002), S. 200 &#8211; 211.[\/vc_column_text][vc_empty_space empty_h=&#8221;2&#8243;][vc_column_text el_id=&#8221;quellezwikatzvondenufern&#8221;]Katz, Zwi, Von den Ufern der Memel ins Ungewisse. Eine Jugend im Schatten des Holocaust, Pendo Verlag, Zu\u0308rich 2002.[\/vc_column_text][vc_empty_space empty_h=&#8221;2&#8243;][vc_column_text]KZ-Gedenkst\u00e4tte Dachau (Hg.), \u201eSie gaben uns wieder Hoffnung\u201c Schwangerschaft und Geburt im KZ-Au\u00dfenlager Kaufering I, Dachau 2010.[\/vc_column_text][vc_empty_space empty_h=&#8221;2&#8243;][vc_column_text]Marks, Bernhard, Yingele Nit Vein. &#8220;Boy, Don&#8217;t Cry&#8221;. Memories of a Jewish Child. 1939-1945, I Street Press, Sacramento, CA 2015.[\/vc_column_text][vc_empty_space empty_h=&#8221;2&#8243;][vc_column_text el_id=&#8221;quellebernhardmarksraim&#8221;]Marks, Bernhard, Raim 1992, Epple KZ T\u00fcrkheim, Hammermann Schwangerschaft, Buggeln 2012, Raim 1992.[\/vc_column_text][vc_empty_space empty_h=&#8221;2&#8243;][vc_column_text el_id=&#8221;quellealbertmenasche&#8221;]Menasche, Albert, Birkenau (Auschwitz II). Memoirs of an eye-witness. How 72000 Greek Jews Perished, I. Saltiel, New York 1947.[\/vc_column_text][vc_empty_space empty_h=&#8221;2&#8243;][vc_column_text el_id=&#8221;quelleabbanaorichsangfuerdiess&#8221;]Naor, Abba, Ich sang f\u00fcr die SS. Mein Weg vom Ghetto zum israelischen Geheimdienst, C.H. Beck Verlag, M\u00fcnchen 2014.[\/vc_column_text][vc_empty_space empty_h=&#8221;2&#8243;][vc_column_text]Raim, Edith, Die Dachauer KZ-Au\u00dfenkommandos Kaufering und M\u00fchldorf. R\u00fcstungsbauten und Zwangsarbeit im letzten Kriegsjahr 1944\/45, Landsberger Verlagsanstalt Martin Neumeyer, Landsberg am Lech 1992.[\/vc_column_text][vc_empty_space empty_h=&#8221;2&#8243;][vc_column_text]Raim, Edith: Frauen in den Dachauer KZ-Au\u00dfenlagern Kaufering. Nationalsozialistische Vernichtungspolitik gegenu\u0308ber Ju\u0308dinnen. In: Spuren des Nationalsozialismus. Gedenksta\u0308ttenarbeit in Bayern, hrsg. v. Bayerische Landeszentrale fu\u0308r politische Bildungsarbeit. Mu\u0308nchen 2000, S. 87 &#8211; 110.[\/vc_column_text][vc_empty_space empty_h=&#8221;2&#8243;][vc_column_text]Raim, Edith, Kaufering in: Wolfgang Benz, Barbara Distel (Hg.), Der Ort des Terrors. Geschichte der nationalsozialistischen Konzentrationslager. Band 2. Fru\u0308he Lager, Dachau, Emslandlager. Mu\u0308nchen 2005, S. 360 &#8211; 373.[\/vc_column_text][vc_empty_space empty_h=&#8221;2&#8243;][vc_column_text]Raim, Edith (Hrsg.): U\u0308berlebende von Kaufering. Biografische Skizzen ju\u0308discher ehemaliger Ha\u0308ftlinge. Materialien zum KZ-Au\u00dfenlagerkomplex Kaufering. Berlin 2008.[\/vc_column_text][vc_empty_space empty_h=&#8221;2&#8243;][vc_column_text]Schalm, Sabine: U\u0308berleben durch Arbeit? Au\u00dfenkommandos und Au\u00dfenlager des KZ Dachau 1933-1945. Berlin 2009.[\/vc_column_text][vc_empty_space empty_h=&#8221;2&#8243;][vc_column_text el_id=&#8221;quellemartinstern&#8221;]Stern, Martin, Sein Schicksal auf sich nehmen.[\/vc_column_text][vc_empty_space empty_h=&#8221;2&#8243;][vc_column_text]<strong>Videos and archival materials from the Dachau Concentration Camp Memorial Archive:<\/strong>[\/vc_column_text][vc_empty_space empty_h=&#8221;2&#8243;][vc_column_text]<strong>Archival materials:<\/strong>[\/vc_column_text][vc_empty_space empty_h=&#8221;2&#8243;][vc_column_text el_id=&#8221;quellewilliameilert&#8221;]Vernehmung von William Eilert, 21. Mai 1949, Ermittlungen des Landrates Dr. Gerbl.[\/vc_column_text][vc_empty_space empty_h=&#8221;2&#8243;][vc_column_text el_id=&#8221;quellenorbertfried&#8221;]Vernehmung Dr. Norbert Fried, Dachauer Prozess.[\/vc_column_text][vc_empty_space empty_h=&#8221;2&#8243;][vc_column_text el_id=&#8221;quellealbertgaynes&#8221;]Gaynes, Albert H., 30. April 1945, Letter to Debbie.[\/vc_column_text][vc_empty_space empty_h=&#8221;2&#8243;][vc_column_text]Vernehmung Dr. Norbert Fried, Dachauer Prozess[\/vc_column_text][vc_empty_space empty_h=&#8221;2&#8243;][vc_column_text el_id=&#8221;quellevierteljahresbericht&#8221;]Vierteljahresbericht des Lagerarztes des KZ Dachau \u00fcber die Lagerhygiene im KZ Dachau und seinen Au\u00dfenlagern im 1. Vierteljahr 1945 (27.03.1945) f\u00fcr das SS-WVHA. DaA BN 32769.[\/vc_column_text][vc_empty_space empty_h=&#8221;2&#8243;][vc_column_text]<strong>Videos<\/strong>[\/vc_column_text][vc_empty_space empty_h=&#8221;2&#8243;][vc_column_text el_id=&#8221;quelleabbanaorvideo&#8221;]Archive KZ-Gedenkst\u00e4tte Dachau<br \/>\nContemporary witness talk with: Abba Naor[\/vc_column_text][vc_empty_space empty_h=&#8221;2&#8243;][vc_column_text el_id=&#8221;quelleferikecastro&#8221;]Archive KZ-Gedenkst\u00e4tte Dachau<br \/>\nContemporary witness talk with: Ferike Castro[\/vc_column_text][vc_empty_space empty_h=&#8221;2&#8243;][vc_column_text el_id=&#8221;quellechannabirnfeld&#8221;]Archive KZ-Gedenkst\u00e4tte Dachau<br \/>\nContemporary witness talk with: Channa Birnfeld[\/vc_column_text][vc_empty_space empty_h=&#8221;2&#8243;][vc_column_text el_id=&#8221;quelleeduardkornfeld&#8221;]Archive KZ-Gedenkst\u00e4tte Dachau<br \/>\nContemporary witness talk with: Eduard Kornfeld[\/vc_column_text][vc_empty_space empty_h=&#8221;2&#8243;][vc_column_text el_id=&#8221;quellemaxvolpertvideo&#8221;]Archive der KZ-Gedenkst\u00e4tte Dachau<br \/>\nContemporary witness talk with: Max Volpert[\/vc_column_text][vc_empty_space empty_h=&#8221;2&#8243;][vc_column_text el_id=&#8221;quellezwikatzvideo&#8221;]Archive KZ-Gedenkst\u00e4tte Dachau<br \/>\nContemporary witness talk with: Zwi Katz[\/vc_column_text][\/vc_column][\/vc_row]<\/p>\n","protected":false},"excerpt":{"rendered":"<p>[vc_row][vc_column width=&#8221;1\/1&#8243;][vc_custom_heading]List of sources[\/vc_custom_heading][vc_empty_space empty_h=&#8221;2&#8243;][vc_column_text]Publications:[\/vc_column_text][vc_empty_space empty_h=&#8221;2&#8243;][vc_column_text el_id=&#8221;quellezevbirgerkeinezeitfuergeduld&#8221;]Birger, Zev, Keine Zeit f\u00fcr Geduld. Mein Weg von Kaunas nach Jerusalem, Luchterhand Literaturverlag, [&hellip;]<\/p>\n","protected":false},"author":2,"featured_media":0,"comment_status":"open","ping_status":"open","sticky":false,"template":"","format":"standard","meta":[],"categories":[1],"tags":[],"yoast_head":"<!-- This site is optimized with the Yoast SEO plugin v19.4 - https:\/\/yoast.com\/wordpress\/plugins\/seo\/ -->\n<title>List of sources - Landsberg-Kaufering erinnern<\/title>\n<meta name=\"robots\" content=\"index, follow, max-snippet:-1, max-image-preview:large, max-video-preview:-1\" \/>\n<link rel=\"canonical\" href=\"https:\/\/www.landsberg-kaufering-erinnern.de\/en\/list-of-sources\/\" \/>\n<meta property=\"og:locale\" content=\"en_US\" \/>\n<meta property=\"og:type\" content=\"article\" \/>\n<meta property=\"og:title\" content=\"List of sources - Landsberg-Kaufering erinnern\" \/>\n<meta property=\"og:description\" content=\"[vc_row][vc_column width=&#8221;1\/1&#8243;][vc_custom_heading]List of sources[\/vc_custom_heading][vc_empty_space empty_h=&#8221;2&#8243;][vc_column_text]Publications:[\/vc_column_text][vc_empty_space empty_h=&#8221;2&#8243;][vc_column_text el_id=&#8221;quellezevbirgerkeinezeitfuergeduld&#8221;]Birger, Zev, Keine Zeit f\u00fcr Geduld. Mein Weg von Kaunas nach Jerusalem, Luchterhand Literaturverlag, [&hellip;]\" \/>\n<meta property=\"og:url\" content=\"https:\/\/www.landsberg-kaufering-erinnern.de\/en\/list-of-sources\/\" \/>\n<meta property=\"og:site_name\" content=\"Landsberg-Kaufering erinnern\" \/>\n<meta property=\"article:published_time\" content=\"2021-02-22T16:43:48+00:00\" \/>\n<meta property=\"article:modified_time\" content=\"2021-04-26T12:06:45+00:00\" \/>\n<meta name=\"author\" content=\"Mona Baloglu\" \/>\n<meta name=\"twitter:card\" content=\"summary_large_image\" \/>\n<meta name=\"twitter:label1\" content=\"Written by\" \/>\n\t<meta name=\"twitter:data1\" content=\"Mona Baloglu\" \/>\n\t<meta name=\"twitter:label2\" content=\"Est. reading time\" \/>\n\t<meta name=\"twitter:data2\" content=\"6 minutes\" \/>\n<script type=\"application\/ld+json\" class=\"yoast-schema-graph\">{\"@context\":\"https:\/\/schema.org\",\"@graph\":[{\"@type\":\"WebSite\",\"@id\":\"https:\/\/www.landsberg-kaufering-erinnern.de\/#website\",\"url\":\"https:\/\/www.landsberg-kaufering-erinnern.de\/\",\"name\":\"Landsberg-Kaufering erinnern\",\"description\":\"Erinnerungsorte des ehemaligen Konzentrationslagers Landsberg\/Kaufering\",\"potentialAction\":[{\"@type\":\"SearchAction\",\"target\":{\"@type\":\"EntryPoint\",\"urlTemplate\":\"https:\/\/www.landsberg-kaufering-erinnern.de\/?s={search_term_string}\"},\"query-input\":\"required name=search_term_string\"}],\"inLanguage\":\"en-US\"},{\"@type\":\"WebPage\",\"@id\":\"https:\/\/www.landsberg-kaufering-erinnern.de\/en\/list-of-sources\/\",\"url\":\"https:\/\/www.landsberg-kaufering-erinnern.de\/en\/list-of-sources\/\",\"name\":\"List of sources - Landsberg-Kaufering erinnern\",\"isPartOf\":{\"@id\":\"https:\/\/www.landsberg-kaufering-erinnern.de\/#website\"},\"datePublished\":\"2021-02-22T16:43:48+00:00\",\"dateModified\":\"2021-04-26T12:06:45+00:00\",\"author\":{\"@id\":\"https:\/\/www.landsberg-kaufering-erinnern.de\/#\/schema\/person\/907dfa40b1c494dc5b482700e6305765\"},\"breadcrumb\":{\"@id\":\"https:\/\/www.landsberg-kaufering-erinnern.de\/en\/list-of-sources\/#breadcrumb\"},\"inLanguage\":\"en-US\",\"potentialAction\":[{\"@type\":\"ReadAction\",\"target\":[\"https:\/\/www.landsberg-kaufering-erinnern.de\/en\/list-of-sources\/\"]}]},{\"@type\":\"BreadcrumbList\",\"@id\":\"https:\/\/www.landsberg-kaufering-erinnern.de\/en\/list-of-sources\/#breadcrumb\",\"itemListElement\":[{\"@type\":\"ListItem\",\"position\":1,\"name\":\"Startseite\",\"item\":\"https:\/\/www.landsberg-kaufering-erinnern.de\/en\/\"},{\"@type\":\"ListItem\",\"position\":2,\"name\":\"List of sources\"}]},{\"@type\":\"Person\",\"@id\":\"https:\/\/www.landsberg-kaufering-erinnern.de\/#\/schema\/person\/907dfa40b1c494dc5b482700e6305765\",\"name\":\"Mona Baloglu\",\"image\":{\"@type\":\"ImageObject\",\"inLanguage\":\"en-US\",\"@id\":\"https:\/\/www.landsberg-kaufering-erinnern.de\/#\/schema\/person\/image\/\",\"url\":\"https:\/\/secure.gravatar.com\/avatar\/1077e516cd840ec9d8733c94e491628a?s=96&d=mm&r=g\",\"contentUrl\":\"https:\/\/secure.gravatar.com\/avatar\/1077e516cd840ec9d8733c94e491628a?s=96&d=mm&r=g\",\"caption\":\"Mona Baloglu\"},\"url\":\"https:\/\/www.landsberg-kaufering-erinnern.de\/en\/author\/mona-baloglu\/\"}]}<\/script>\n<!-- \/ Yoast SEO plugin. -->","yoast_head_json":{"title":"List of sources - Landsberg-Kaufering erinnern","robots":{"index":"index","follow":"follow","max-snippet":"max-snippet:-1","max-image-preview":"max-image-preview:large","max-video-preview":"max-video-preview:-1"},"canonical":"https:\/\/www.landsberg-kaufering-erinnern.de\/en\/list-of-sources\/","og_locale":"en_US","og_type":"article","og_title":"List of sources - Landsberg-Kaufering erinnern","og_description":"[vc_row][vc_column width=&#8221;1\/1&#8243;][vc_custom_heading]List of sources[\/vc_custom_heading][vc_empty_space empty_h=&#8221;2&#8243;][vc_column_text]Publications:[\/vc_column_text][vc_empty_space empty_h=&#8221;2&#8243;][vc_column_text el_id=&#8221;quellezevbirgerkeinezeitfuergeduld&#8221;]Birger, Zev, Keine Zeit f\u00fcr Geduld. Mein Weg von Kaunas nach Jerusalem, Luchterhand Literaturverlag, [&hellip;]","og_url":"https:\/\/www.landsberg-kaufering-erinnern.de\/en\/list-of-sources\/","og_site_name":"Landsberg-Kaufering erinnern","article_published_time":"2021-02-22T16:43:48+00:00","article_modified_time":"2021-04-26T12:06:45+00:00","author":"Mona Baloglu","twitter_card":"summary_large_image","twitter_misc":{"Written by":"Mona Baloglu","Est. reading time":"6 minutes"},"schema":{"@context":"https:\/\/schema.org","@graph":[{"@type":"WebSite","@id":"https:\/\/www.landsberg-kaufering-erinnern.de\/#website","url":"https:\/\/www.landsberg-kaufering-erinnern.de\/","name":"Landsberg-Kaufering erinnern","description":"Erinnerungsorte des ehemaligen Konzentrationslagers Landsberg\/Kaufering","potentialAction":[{"@type":"SearchAction","target":{"@type":"EntryPoint","urlTemplate":"https:\/\/www.landsberg-kaufering-erinnern.de\/?s={search_term_string}"},"query-input":"required name=search_term_string"}],"inLanguage":"en-US"},{"@type":"WebPage","@id":"https:\/\/www.landsberg-kaufering-erinnern.de\/en\/list-of-sources\/","url":"https:\/\/www.landsberg-kaufering-erinnern.de\/en\/list-of-sources\/","name":"List of sources - Landsberg-Kaufering erinnern","isPartOf":{"@id":"https:\/\/www.landsberg-kaufering-erinnern.de\/#website"},"datePublished":"2021-02-22T16:43:48+00:00","dateModified":"2021-04-26T12:06:45+00:00","author":{"@id":"https:\/\/www.landsberg-kaufering-erinnern.de\/#\/schema\/person\/907dfa40b1c494dc5b482700e6305765"},"breadcrumb":{"@id":"https:\/\/www.landsberg-kaufering-erinnern.de\/en\/list-of-sources\/#breadcrumb"},"inLanguage":"en-US","potentialAction":[{"@type":"ReadAction","target":["https:\/\/www.landsberg-kaufering-erinnern.de\/en\/list-of-sources\/"]}]},{"@type":"BreadcrumbList","@id":"https:\/\/www.landsberg-kaufering-erinnern.de\/en\/list-of-sources\/#breadcrumb","itemListElement":[{"@type":"ListItem","position":1,"name":"Startseite","item":"https:\/\/www.landsberg-kaufering-erinnern.de\/en\/"},{"@type":"ListItem","position":2,"name":"List of sources"}]},{"@type":"Person","@id":"https:\/\/www.landsberg-kaufering-erinnern.de\/#\/schema\/person\/907dfa40b1c494dc5b482700e6305765","name":"Mona Baloglu","image":{"@type":"ImageObject","inLanguage":"en-US","@id":"https:\/\/www.landsberg-kaufering-erinnern.de\/#\/schema\/person\/image\/","url":"https:\/\/secure.gravatar.com\/avatar\/1077e516cd840ec9d8733c94e491628a?s=96&d=mm&r=g","contentUrl":"https:\/\/secure.gravatar.com\/avatar\/1077e516cd840ec9d8733c94e491628a?s=96&d=mm&r=g","caption":"Mona Baloglu"},"url":"https:\/\/www.landsberg-kaufering-erinnern.de\/en\/author\/mona-baloglu\/"}]}},"_links":{"self":[{"href":"https:\/\/www.landsberg-kaufering-erinnern.de\/en\/wp-json\/wp\/v2\/posts\/87911"}],"collection":[{"href":"https:\/\/www.landsberg-kaufering-erinnern.de\/en\/wp-json\/wp\/v2\/posts"}],"about":[{"href":"https:\/\/www.landsberg-kaufering-erinnern.de\/en\/wp-json\/wp\/v2\/types\/post"}],"author":[{"embeddable":true,"href":"https:\/\/www.landsberg-kaufering-erinnern.de\/en\/wp-json\/wp\/v2\/users\/2"}],"replies":[{"embeddable":true,"href":"https:\/\/www.landsberg-kaufering-erinnern.de\/en\/wp-json\/wp\/v2\/comments?post=87911"}],"version-history":[{"count":8,"href":"https:\/\/www.landsberg-kaufering-erinnern.de\/en\/wp-json\/wp\/v2\/posts\/87911\/revisions"}],"predecessor-version":[{"id":89074,"href":"https:\/\/www.landsberg-kaufering-erinnern.de\/en\/wp-json\/wp\/v2\/posts\/87911\/revisions\/89074"}],"wp:attachment":[{"href":"https:\/\/www.landsberg-kaufering-erinnern.de\/en\/wp-json\/wp\/v2\/media?parent=87911"}],"wp:term":[{"taxonomy":"category","embeddable":true,"href":"https:\/\/www.landsberg-kaufering-erinnern.de\/en\/wp-json\/wp\/v2\/categories?post=87911"},{"taxonomy":"post_tag","embeddable":true,"href":"https:\/\/www.landsberg-kaufering-erinnern.de\/en\/wp-json\/wp\/v2\/tags?post=87911"}],"curies":[{"name":"wp","href":"https:\/\/api.w.org\/{rel}","templated":true}]}}